{"id":57619,"date":"2025-06-24T16:16:24","date_gmt":"2025-06-24T14:16:24","guid":{"rendered":"https:\/\/arthurmetz.com\/blog\/?p=57619"},"modified":"2025-06-24T16:17:58","modified_gmt":"2025-06-24T14:17:58","slug":"route-des-vins-alsace-velo-art-de-prendre-temps","status":"publish","type":"post","link":"https:\/\/arthurmetz.com\/blog\/route-des-vins-alsace-velo-art-de-prendre-temps\/","title":{"rendered":"La Route des Vins d\u2019Alsace \u00e0 v\u00e9lo : l\u2019art de prendre le temps"},"content":{"rendered":"\t\t<div data-elementor-type=\"wp-post\" data-elementor-id=\"57619\" class=\"elementor elementor-57619\" data-elementor-post-type=\"post\">\n\t\t\t\t\t\t<section class=\"elementor-section elementor-top-section elementor-element elementor-element-ab911b2 elementor-section-boxed elementor-section-height-default elementor-section-height-default\" data-id=\"ab911b2\" data-element_type=\"section\">\n\t\t\t\t\t\t<div class=\"elementor-container elementor-column-gap-default\">\n\t\t\t\t\t<div class=\"elementor-column elementor-col-100 elementor-top-column elementor-element elementor-element-a729cae\" data-id=\"a729cae\" data-element_type=\"column\">\n\t\t\t<div class=\"elementor-widget-wrap elementor-element-populated\">\n\t\t\t\t\t\t<div class=\"elementor-element elementor-element-94582d0 elementor-widget elementor-widget-text-editor\" data-id=\"94582d0\" data-element_type=\"widget\" data-widget_type=\"text-editor.default\">\n\t\t\t\t<div class=\"elementor-widget-container\">\n\t\t\t<style>\/*! elementor - v3.19.0 - 26-02-2024 *\/\n.elementor-widget-text-editor.elementor-drop-cap-view-stacked .elementor-drop-cap{background-color:#69727d;color:#fff}.elementor-widget-text-editor.elementor-drop-cap-view-framed .elementor-drop-cap{color:#69727d;border:3px solid;background-color:transparent}.elementor-widget-text-editor:not(.elementor-drop-cap-view-default) .elementor-drop-cap{margin-top:8px}.elementor-widget-text-editor:not(.elementor-drop-cap-view-default) .elementor-drop-cap-letter{width:1em;height:1em}.elementor-widget-text-editor .elementor-drop-cap{float:left;text-align:center;line-height:1;font-size:50px}.elementor-widget-text-editor .elementor-drop-cap-letter{display:inline-block}<\/style>\t\t\t\t<p><span style=\"font-weight: 400\">En <\/span><b>Alsace<\/b><span style=\"font-weight: 400\">, il existe une balade mythique qui serpente entre les vignes, les villages fleuris et les collines douces des Vosges : la Route des Vins. Mais au-del\u00e0 des cartes postales et des d\u00e9gustations, cet itin\u00e9raire offre une autre dimension \u00e0 ceux qui choisissent de la parcourir \u00e0 <\/span><b>v\u00e9lo<\/b><span style=\"font-weight: 400\">. Au rythme du p\u00e9dalier, les paysages prennent une autre ampleur, les villages r\u00e9v\u00e8lent leurs d\u00e9tails cach\u00e9s, les rencontres deviennent plus spontan\u00e9es.<\/span><\/p><p><span style=\"font-weight: 400\">Parmi les \u00e9tapes incontournables de cette aventure, la Maison Arthur Metz, situ\u00e9e \u00e0 Marlenheim, marque le point de d\u00e9part symbolique de la Route des Vins d\u2019<\/span><b>Alsace<\/b><span style=\"font-weight: 400\">.\u00a0<\/span><\/p>\t\t\t\t\t\t<\/div>\n\t\t\t\t<\/div>\n\t\t\t\t\t<\/div>\n\t\t<\/div>\n\t\t\t\t\t<\/div>\n\t\t<\/section>\n\t\t\t\t<section class=\"elementor-section elementor-top-section elementor-element elementor-element-a4e9fbb elementor-section-boxed elementor-section-height-default elementor-section-height-default\" data-id=\"a4e9fbb\" data-element_type=\"section\">\n\t\t\t\t\t\t<div class=\"elementor-container elementor-column-gap-default\">\n\t\t\t\t\t<div class=\"elementor-column elementor-col-100 elementor-top-column elementor-element elementor-element-10d9cab\" data-id=\"10d9cab\" data-element_type=\"column\">\n\t\t\t<div class=\"elementor-widget-wrap elementor-element-populated\">\n\t\t\t\t\t\t<div class=\"elementor-element elementor-element-4f3dd92 elementor-widget elementor-widget-heading\" data-id=\"4f3dd92\" data-element_type=\"widget\" data-widget_type=\"heading.default\">\n\t\t\t\t<div class=\"elementor-widget-container\">\n\t\t\t<style>\/*! elementor - v3.19.0 - 26-02-2024 *\/\n.elementor-heading-title{padding:0;margin:0;line-height:1}.elementor-widget-heading .elementor-heading-title[class*=elementor-size-]>a{color:inherit;font-size:inherit;line-height:inherit}.elementor-widget-heading .elementor-heading-title.elementor-size-small{font-size:15px}.elementor-widget-heading .elementor-heading-title.elementor-size-medium{font-size:19px}.elementor-widget-heading .elementor-heading-title.elementor-size-large{font-size:29px}.elementor-widget-heading .elementor-heading-title.elementor-size-xl{font-size:39px}.elementor-widget-heading .elementor-heading-title.elementor-size-xxl{font-size:59px}<\/style><h2 class=\"elementor-heading-title elementor-size-default\">L'Alsace \u00e0 v\u00e9lo : une terre de libert\u00e9 <\/h2>\t\t<\/div>\n\t\t\t\t<\/div>\n\t\t\t\t<div class=\"elementor-element elementor-element-c7809a1 elementor-widget elementor-widget-heading\" data-id=\"c7809a1\" data-element_type=\"widget\" data-widget_type=\"heading.default\">\n\t\t\t\t<div class=\"elementor-widget-container\">\n\t\t\t<h3 class=\"elementor-heading-title elementor-size-default\">Un territoire pour les cyclistes<\/h3>\t\t<\/div>\n\t\t\t\t<\/div>\n\t\t\t\t<div class=\"elementor-element elementor-element-82f4c94 elementor-widget elementor-widget-text-editor\" data-id=\"82f4c94\" data-element_type=\"widget\" data-widget_type=\"text-editor.default\">\n\t\t\t\t<div class=\"elementor-widget-container\">\n\t\t\t\t\t\t\t<p><span style=\"font-weight: 400\">L\u2019Alsace est reconnue comme la premi\u00e8re r\u00e9gion cyclable de <\/span><b>France<\/b><span style=\"font-weight: 400\">. Avec plus de 2 500 km de pistes balis\u00e9es, elle a su faire de la mobilit\u00e9 douce une priorit\u00e9. Entre voies vertes, pistes partag\u00e9es, chemins viticoles et boucles locales, tout est pens\u00e9 pour que le <\/span><b>v\u00e9lo<\/b><span style=\"font-weight: 400\"> soit non seulement un mode de d\u00e9placement, mais surtout un v\u00e9ritable art de vivre.<\/span><\/p>\t\t\t\t\t\t<\/div>\n\t\t\t\t<\/div>\n\t\t\t\t<div class=\"elementor-element elementor-element-397f96d elementor-widget elementor-widget-image\" data-id=\"397f96d\" data-element_type=\"widget\" data-widget_type=\"image.default\">\n\t\t\t\t<div class=\"elementor-widget-container\">\n\t\t\t<style>\/*! elementor - v3.19.0 - 26-02-2024 *\/\n.elementor-widget-image{text-align:center}.elementor-widget-image a{display:inline-block}.elementor-widget-image a img[src$=\".svg\"]{width:48px}.elementor-widget-image img{vertical-align:middle;display:inline-block}<\/style>\t\t\t\t\t\t\t\t\t\t<img fetchpriority=\"high\" decoding=\"async\" width=\"640\" height=\"336\" src=\"https:\/\/arthurmetz.com\/blog\/wp-content\/uploads\/2025\/06\/Arthur-Metz-Vignes-7-1-1-1024x537.jpg\" class=\"attachment-large size-large wp-image-57627\" alt=\"\" srcset=\"https:\/\/arthurmetz.com\/blog\/wp-content\/uploads\/2025\/06\/Arthur-Metz-Vignes-7-1-1-1024x537.jpg 1024w, https:\/\/arthurmetz.com\/blog\/wp-content\/uploads\/2025\/06\/Arthur-Metz-Vignes-7-1-1-300x157.jpg 300w, https:\/\/arthurmetz.com\/blog\/wp-content\/uploads\/2025\/06\/Arthur-Metz-Vignes-7-1-1-768x403.jpg 768w, https:\/\/arthurmetz.com\/blog\/wp-content\/uploads\/2025\/06\/Arthur-Metz-Vignes-7-1-1-1536x806.jpg 1536w, https:\/\/arthurmetz.com\/blog\/wp-content\/uploads\/2025\/06\/Arthur-Metz-Vignes-7-1-1.jpg 1772w\" sizes=\"(max-width: 640px) 100vw, 640px\" \/>\t\t\t\t\t\t\t\t\t\t\t\t\t<\/div>\n\t\t\t\t<\/div>\n\t\t\t\t<div class=\"elementor-element elementor-element-b19c4a6 elementor-widget elementor-widget-text-editor\" data-id=\"b19c4a6\" data-element_type=\"widget\" data-widget_type=\"text-editor.default\">\n\t\t\t\t<div class=\"elementor-widget-container\">\n\t\t\t\t\t\t\t<p>La Route des Vins, longue de 170 km, suit cette logique. Elle s\u2019inscrit dans un vaste r\u00e9seau de v\u00e9loroutes et d\u2019itin\u00e9raires cyclables europ\u00e9ens.<\/p><p>Depuis Strasbourg, capitale alsacienne et carrefour du v\u00e9lo urbain, il est facile de rejoindre la\u00a0<span style=\"font-weight: bold\">Route<\/span>\u00a0des Vins via le canal de la Bruche, un parcours paisible qui traverse champs et for\u00eats, id\u00e9al pour une mise en jambe avant d\u2019attaquer les collines viticoles.<\/p>\t\t\t\t\t\t<\/div>\n\t\t\t\t<\/div>\n\t\t\t\t<div class=\"elementor-element elementor-element-fcb241c elementor-widget elementor-widget-heading\" data-id=\"fcb241c\" data-element_type=\"widget\" data-widget_type=\"heading.default\">\n\t\t\t\t<div class=\"elementor-widget-container\">\n\t\t\t<h2 class=\"elementor-heading-title elementor-size-default\">Pr\u00e9parer son itin\u00e9raire,<\/h2>\t\t<\/div>\n\t\t\t\t<\/div>\n\t\t\t\t<div class=\"elementor-element elementor-element-41be6a5 elementor-widget elementor-widget-heading\" data-id=\"41be6a5\" data-element_type=\"widget\" data-widget_type=\"heading.default\">\n\t\t\t\t<div class=\"elementor-widget-container\">\n\t\t\t<h3 class=\"elementor-heading-title elementor-size-default\">Des outils \u00e0 votre service<\/h3>\t\t<\/div>\n\t\t\t\t<\/div>\n\t\t\t\t<div class=\"elementor-element elementor-element-5d4ccee elementor-widget elementor-widget-text-editor\" data-id=\"5d4ccee\" data-element_type=\"widget\" data-widget_type=\"text-editor.default\">\n\t\t\t\t<div class=\"elementor-widget-container\">\n\t\t\t\t\t\t\t<p><span style=\"font-weight: 400\">Planifier une sortie v\u00e9lo sur la Route des Vins n\u2019a jamais \u00e9t\u00e9 aussi simple. Des plateformes comme <\/span><a href=\"https:\/\/www.komoot.com\/fr-fr\/discover\/Alsace\/@48.2491765,7.4074700\/tours?sport=touringbicycle&amp;map=true&amp;regionId=470&amp;max_distance=105000\"><span style=\"font-weight: 400\">Komoot<\/span><\/a><span style=\"font-weight: 400\">, <\/span><a href=\"https:\/\/www.visorando.com\/parcours-alsace.html\"><span style=\"font-weight: 400\">Visorando<\/span><\/a><span style=\"font-weight: 400\">, <\/span><a href=\"https:\/\/www.alsaceavelo.fr\/\"><b>Alsace \u00e0 V\u00e9lo<\/b> <\/a><span style=\"font-weight: 400\">ou encore <\/span><a href=\"https:\/\/www.francevelotourisme.com\/destinations\/grand-est-a-velo\/veloroute-vignoble-alsace\"><span style=\"font-weight: 400\">France V\u00e9lo Tourisme<\/span><\/a><span style=\"font-weight: 400\"> permettent de :<\/span><\/p><ul><li style=\"font-weight: 400\"><span style=\"font-weight: 400\">Cr\u00e9er un itin\u00e9raire sur mesure<\/span><\/li><li style=\"font-weight: 400\"><span style=\"font-weight: 400\">D\u00e9couvrir des boucles th\u00e9matiques (gastronomie, patrimoine, paysages\u2026)<\/span><\/li><li style=\"font-weight: 400\"><span style=\"font-weight: 400\">Filtrer selon la difficult\u00e9, le type de sol ou les points d\u2019int\u00e9r\u00eat<\/span><\/li><\/ul>\t\t\t\t\t\t<\/div>\n\t\t\t\t<\/div>\n\t\t\t\t<div class=\"elementor-element elementor-element-604f7d4 elementor-widget elementor-widget-heading\" data-id=\"604f7d4\" data-element_type=\"widget\" data-widget_type=\"heading.default\">\n\t\t\t\t<div class=\"elementor-widget-container\">\n\t\t\t<h3 class=\"elementor-heading-title elementor-size-default\">Des services pour les voyages \u00e0 v\u00e9lo<\/h3>\t\t<\/div>\n\t\t\t\t<\/div>\n\t\t\t\t<div class=\"elementor-element elementor-element-f3d97a4 elementor-widget elementor-widget-text-editor\" data-id=\"f3d97a4\" data-element_type=\"widget\" data-widget_type=\"text-editor.default\">\n\t\t\t\t<div class=\"elementor-widget-container\">\n\t\t\t\t\t\t\t<p><span style=\"font-weight: 400\">Pour celles et ceux qui veulent partir plus longtemps, de nombreux services facilitent l\u2019exp\u00e9rience : location de v\u00e9los \u00e9lectriques, transferts de bagages, h\u00e9bergements labellis\u00e9s \u201cAccueil V\u00e9lo\u201d, conseils locaux&#8230; Tout est pens\u00e9 pour permettre une d\u00e9couverte fluide, agr\u00e9able et sans contraintes logistiques.<\/span><\/p>\t\t\t\t\t\t<\/div>\n\t\t\t\t<\/div>\n\t\t\t\t<div class=\"elementor-element elementor-element-b1d68b7 elementor-widget elementor-widget-heading\" data-id=\"b1d68b7\" data-element_type=\"widget\" data-widget_type=\"heading.default\">\n\t\t\t\t<div class=\"elementor-widget-container\">\n\t\t\t<h2 class=\"elementor-heading-title elementor-size-default\">Quelques \u00e9tapes \u00e0 ne pas manquer \u00e0 v\u00e9lo<\/h2>\t\t<\/div>\n\t\t\t\t<\/div>\n\t\t\t\t<div class=\"elementor-element elementor-element-e97cff7 elementor-widget elementor-widget-heading\" data-id=\"e97cff7\" data-element_type=\"widget\" data-widget_type=\"heading.default\">\n\t\t\t\t<div class=\"elementor-widget-container\">\n\t\t\t<h3 class=\"elementor-heading-title elementor-size-default\">Des itin\u00e9raires \u00e0 savourer<\/h3>\t\t<\/div>\n\t\t\t\t<\/div>\n\t\t\t\t<div class=\"elementor-element elementor-element-5222678 elementor-widget elementor-widget-text-editor\" data-id=\"5222678\" data-element_type=\"widget\" data-widget_type=\"text-editor.default\">\n\t\t\t\t<div class=\"elementor-widget-container\">\n\t\t\t\t\t\t\t<p>La Route des Vins d\u2019Alsace regorge d\u2019<span style=\"font-weight: bold\">itin\u00e9raires<\/span>\u00a0enchanteurs.<\/p><p>Voici trois suggestions accessibles et riches en d\u00e9couvertes, toutes reli\u00e9es \u00e0 des v\u00e9loroutes bien balis\u00e9es qui facilitent la progression \u00e0 travers le\u00a0<span style=\"font-weight: bold\">vignoble<\/span>\u00a0:<\/p>\t\t\t\t\t\t<\/div>\n\t\t\t\t<\/div>\n\t\t\t\t<section class=\"elementor-section elementor-inner-section elementor-element elementor-element-c473eaa elementor-section-content-middle elementor-section-boxed elementor-section-height-default elementor-section-height-default\" data-id=\"c473eaa\" data-element_type=\"section\">\n\t\t\t\t\t\t<div class=\"elementor-container elementor-column-gap-no\">\n\t\t\t\t\t<div class=\"elementor-column elementor-col-50 elementor-inner-column elementor-element elementor-element-fe59994\" data-id=\"fe59994\" data-element_type=\"column\">\n\t\t\t<div class=\"elementor-widget-wrap elementor-element-populated\">\n\t\t\t\t\t\t<div class=\"elementor-element elementor-element-453fd85 elementor-widget elementor-widget-text-editor\" data-id=\"453fd85\" data-element_type=\"widget\" data-widget_type=\"text-editor.default\">\n\t\t\t\t<div class=\"elementor-widget-container\">\n\t\t\t\t\t\t\t<ul><li>Marlenheim \u2192 Molsheim : Une premi\u00e8re \u00e9tape facile parfaite pour se mettre en jambe. Id\u00e9al pour d\u00e9marrer votre p\u00e9riple \u00e0 Marlenheim, avec une halte \u00e0 la <a href=\"https:\/\/arthurmetz.com\/fr\/magasins\">Maison Arthur Metz<\/a>, avant de rejoindre Molsheim, petite ville charmante au riche patrimoine.<\/li><li>Ribeauvill\u00e9 \u2192 Riquewihr \u2192 Kaysersberg : Une immersion dans le c\u0153ur de l\u2019Alsace pittoresque. Entre ch\u00e2teaux en ruine, maisons \u00e0 colombages et rues pav\u00e9es, ces trois villages figurent parmi les plus beaux de la r\u00e9gion.\u00a0<\/li><li>Colmar \u2192 Eguisheim :\u00a0 Une fin d\u2019itin\u00e9raire en douceur. Colmar, capitale des vins d\u2019Alsace, est le point de d\u00e9part parfait pour cette balade qui vous m\u00e8nera \u00e0 Eguisheim, \u00e9lu &#8220;Village pr\u00e9f\u00e9r\u00e9 des Fran\u00e7ais&#8221;.\u00a0<\/li><\/ul>\t\t\t\t\t\t<\/div>\n\t\t\t\t<\/div>\n\t\t\t\t\t<\/div>\n\t\t<\/div>\n\t\t\t\t<div class=\"elementor-column elementor-col-50 elementor-inner-column elementor-element elementor-element-2f7917a\" data-id=\"2f7917a\" data-element_type=\"column\">\n\t\t\t<div class=\"elementor-widget-wrap elementor-element-populated\">\n\t\t\t\t\t\t<div class=\"elementor-element elementor-element-f21b384 elementor-widget elementor-widget-image\" data-id=\"f21b384\" data-element_type=\"widget\" data-widget_type=\"image.default\">\n\t\t\t\t<div class=\"elementor-widget-container\">\n\t\t\t\t\t\t\t\t\t\t\t\t\t<img decoding=\"async\" width=\"640\" height=\"640\" src=\"https:\/\/arthurmetz.com\/blog\/wp-content\/uploads\/2025\/06\/Arthur-Metz-Vignes-2-1024x1024.jpg\" class=\"attachment-large size-large wp-image-57628\" alt=\"Vignes alsace\" srcset=\"https:\/\/arthurmetz.com\/blog\/wp-content\/uploads\/2025\/06\/Arthur-Metz-Vignes-2-1024x1024.jpg 1024w, https:\/\/arthurmetz.com\/blog\/wp-content\/uploads\/2025\/06\/Arthur-Metz-Vignes-2-300x300.jpg 300w, https:\/\/arthurmetz.com\/blog\/wp-content\/uploads\/2025\/06\/Arthur-Metz-Vignes-2-150x150.jpg 150w, https:\/\/arthurmetz.com\/blog\/wp-content\/uploads\/2025\/06\/Arthur-Metz-Vignes-2-768x768.jpg 768w, https:\/\/arthurmetz.com\/blog\/wp-content\/uploads\/2025\/06\/Arthur-Metz-Vignes-2.jpg 1417w\" sizes=\"(max-width: 640px) 100vw, 640px\" \/>\t\t\t\t\t\t\t\t\t\t\t\t\t<\/div>\n\t\t\t\t<\/div>\n\t\t\t\t\t<\/div>\n\t\t<\/div>\n\t\t\t\t\t<\/div>\n\t\t<\/section>\n\t\t\t\t\t<\/div>\n\t\t<\/div>\n\t\t\t\t\t<\/div>\n\t\t<\/section>\n\t\t\t\t<section class=\"elementor-section elementor-top-section elementor-element elementor-element-b003bc3 elementor-section-boxed elementor-section-height-default elementor-section-height-default\" data-id=\"b003bc3\" data-element_type=\"section\">\n\t\t\t\t\t\t<div class=\"elementor-container elementor-column-gap-default\">\n\t\t\t\t\t<div class=\"elementor-column elementor-col-100 elementor-top-column elementor-element elementor-element-39c6f6a\" data-id=\"39c6f6a\" data-element_type=\"column\">\n\t\t\t<div class=\"elementor-widget-wrap elementor-element-populated\">\n\t\t\t\t\t\t<div class=\"elementor-element elementor-element-52ba45d elementor-widget elementor-widget-heading\" data-id=\"52ba45d\" data-element_type=\"widget\" data-widget_type=\"heading.default\">\n\t\t\t\t<div class=\"elementor-widget-container\">\n\t\t\t<h2 class=\"elementor-heading-title elementor-size-default\">La Maison Arthur Metz : une halte au c\u0153ur du vignoble<\/h2>\t\t<\/div>\n\t\t\t\t<\/div>\n\t\t\t\t<div class=\"elementor-element elementor-element-05fd9d8 elementor-widget elementor-widget-heading\" data-id=\"05fd9d8\" data-element_type=\"widget\" data-widget_type=\"heading.default\">\n\t\t\t\t<div class=\"elementor-widget-container\">\n\t\t\t<h3 class=\"elementor-heading-title elementor-size-default\">Un point de d\u00e9part embl\u00e9matique<\/h3>\t\t<\/div>\n\t\t\t\t<\/div>\n\t\t\t\t<div class=\"elementor-element elementor-element-3212f14 elementor-widget elementor-widget-text-editor\" data-id=\"3212f14\" data-element_type=\"widget\" data-widget_type=\"text-editor.default\">\n\t\t\t\t<div class=\"elementor-widget-container\">\n\t\t\t\t\t\t\t<p><span style=\"font-weight: 400\">Install\u00e9e \u00e0 Marlenheim, \u00e0 la porte nord de la <\/span><b>Route<\/b><span style=\"font-weight: 400\"> des Vins, la Maison Arthur Metz est une \u00e9tape cl\u00e9 pour tout voyageur \u00e0 v\u00e9lo. Fond\u00e9e il y a plus d\u2019un si\u00e8cle, elle est aujourd\u2019hui l\u2019une des maisons de r\u00e9f\u00e9rence du vignoble alsacien, reconnue pour la qualit\u00e9 de ses <\/span><b>vins<\/b><span style=\"font-weight: 400\"> tranquilles et Cr\u00e9mants d\u2019Alsace.<\/span><\/p>\t\t\t\t\t\t<\/div>\n\t\t\t\t<\/div>\n\t\t\t\t<div class=\"elementor-element elementor-element-f71a0b4 elementor-align-center elementor-widget elementor-widget-button\" data-id=\"f71a0b4\" data-element_type=\"widget\" data-widget_type=\"button.default\">\n\t\t\t\t<div class=\"elementor-widget-container\">\n\t\t\t\t\t<div class=\"elementor-button-wrapper\">\n\t\t\t<a class=\"elementor-button elementor-button-link elementor-size-sm\" href=\"https:\/\/arthurmetz.com\/blog\/route-des-vins-dalsace-decouvrez-trois-adresses-incontournables\/\">\n\t\t\t\t\t\t<span class=\"elementor-button-content-wrapper\">\n\t\t\t\t\t\t<span class=\"elementor-button-text\">D\u00e9couvrez d\u2019autres adresses \u00e0 visiter<\/span>\n\t\t<\/span>\n\t\t\t\t\t<\/a>\n\t\t<\/div>\n\t\t\t\t<\/div>\n\t\t\t\t<\/div>\n\t\t\t\t<div class=\"elementor-element elementor-element-cc4b7f0 elementor-widget elementor-widget-spacer\" data-id=\"cc4b7f0\" data-element_type=\"widget\" data-widget_type=\"spacer.default\">\n\t\t\t\t<div class=\"elementor-widget-container\">\n\t\t\t<style>\/*! elementor - v3.19.0 - 26-02-2024 *\/\n.elementor-column .elementor-spacer-inner{height:var(--spacer-size)}.e-con{--container-widget-width:100%}.e-con-inner>.elementor-widget-spacer,.e-con>.elementor-widget-spacer{width:var(--container-widget-width,var(--spacer-size));--align-self:var(--container-widget-align-self,initial);--flex-shrink:0}.e-con-inner>.elementor-widget-spacer>.elementor-widget-container,.e-con>.elementor-widget-spacer>.elementor-widget-container{height:100%;width:100%}.e-con-inner>.elementor-widget-spacer>.elementor-widget-container>.elementor-spacer,.e-con>.elementor-widget-spacer>.elementor-widget-container>.elementor-spacer{height:100%}.e-con-inner>.elementor-widget-spacer>.elementor-widget-container>.elementor-spacer>.elementor-spacer-inner,.e-con>.elementor-widget-spacer>.elementor-widget-container>.elementor-spacer>.elementor-spacer-inner{height:var(--container-widget-height,var(--spacer-size))}.e-con-inner>.elementor-widget-spacer.elementor-widget-empty,.e-con>.elementor-widget-spacer.elementor-widget-empty{position:relative;min-height:22px;min-width:22px}.e-con-inner>.elementor-widget-spacer.elementor-widget-empty .elementor-widget-empty-icon,.e-con>.elementor-widget-spacer.elementor-widget-empty .elementor-widget-empty-icon{position:absolute;top:0;bottom:0;left:0;right:0;margin:auto;padding:0;width:22px;height:22px}<\/style>\t\t<div class=\"elementor-spacer\">\n\t\t\t<div class=\"elementor-spacer-inner\"><\/div>\n\t\t<\/div>\n\t\t\t\t<\/div>\n\t\t\t\t<\/div>\n\t\t\t\t<section class=\"elementor-section elementor-inner-section elementor-element elementor-element-51e8499 elementor-section-boxed elementor-section-height-default elementor-section-height-default\" data-id=\"51e8499\" data-element_type=\"section\">\n\t\t\t\t\t\t<div class=\"elementor-container elementor-column-gap-no\">\n\t\t\t\t\t<div class=\"elementor-column elementor-col-50 elementor-inner-column elementor-element elementor-element-b213e91\" data-id=\"b213e91\" data-element_type=\"column\">\n\t\t\t<div class=\"elementor-widget-wrap elementor-element-populated\">\n\t\t\t\t\t\t<div class=\"elementor-element elementor-element-a100e67 elementor-widget elementor-widget-heading\" data-id=\"a100e67\" data-element_type=\"widget\" data-widget_type=\"heading.default\">\n\t\t\t\t<div class=\"elementor-widget-container\">\n\t\t\t<h3 class=\"elementor-heading-title elementor-size-default\">Une boutique ouverte aux cyclistes<\/h3>\t\t<\/div>\n\t\t\t\t<\/div>\n\t\t\t\t<div class=\"elementor-element elementor-element-d99f722 elementor-widget elementor-widget-text-editor\" data-id=\"d99f722\" data-element_type=\"widget\" data-widget_type=\"text-editor.default\">\n\t\t\t\t<div class=\"elementor-widget-container\">\n\t\t\t\t\t\t\t<p><span style=\"font-weight: 400\">Notre boutique vous accueille toute l\u2019ann\u00e9e, y compris si vous voyagez \u00e0 v\u00e9lo.<\/span><span style=\"font-weight: 400\">. Vous y d\u00e9couvrerez une s\u00e9lection soign\u00e9e de nos meilleures cuv\u00e9es, pr\u00eates \u00e0 \u00eatre d\u00e9gust\u00e9es ou emport\u00e9es. Que vous soyez amateur de Riesling sec, de Pinot Gris expressif ou de Cr\u00e9mant raffin\u00e9, nos \u00e9quipes sauront vous guider selon vos go\u00fbts.<\/span><\/p>\n<p><span style=\"font-weight: 400\">Nous accueillons avec plaisir tous les visiteurs \u00e0 v\u00e9lo dans un esprit chaleureux, simple et authentique.<\/span><\/p>\t\t\t\t\t\t<\/div>\n\t\t\t\t<\/div>\n\t\t\t\t<div class=\"elementor-element elementor-element-1cbe840 elementor-widget elementor-widget-heading\" data-id=\"1cbe840\" data-element_type=\"widget\" data-widget_type=\"heading.default\">\n\t\t\t\t<div class=\"elementor-widget-container\">\n\t\t\t<h3 class=\"elementor-heading-title elementor-size-default\">Une d\u00e9gustation qui a du sens<\/h3>\t\t<\/div>\n\t\t\t\t<\/div>\n\t\t\t\t<div class=\"elementor-element elementor-element-9d3e2dc elementor-widget elementor-widget-spacer\" data-id=\"9d3e2dc\" data-element_type=\"widget\" data-widget_type=\"spacer.default\">\n\t\t\t\t<div class=\"elementor-widget-container\">\n\t\t\t\t\t<div class=\"elementor-spacer\">\n\t\t\t<div class=\"elementor-spacer-inner\"><\/div>\n\t\t<\/div>\n\t\t\t\t<\/div>\n\t\t\t\t<\/div>\n\t\t\t\t\t<\/div>\n\t\t<\/div>\n\t\t\t\t<div class=\"elementor-column elementor-col-50 elementor-inner-column elementor-element elementor-element-01f9d8c\" data-id=\"01f9d8c\" data-element_type=\"column\">\n\t\t\t<div class=\"elementor-widget-wrap elementor-element-populated\">\n\t\t\t\t\t\t<div class=\"elementor-element elementor-element-db61eb4 elementor-widget elementor-widget-image\" data-id=\"db61eb4\" data-element_type=\"widget\" data-widget_type=\"image.default\">\n\t\t\t\t<div class=\"elementor-widget-container\">\n\t\t\t\t\t\t\t\t\t\t\t\t\t<img decoding=\"async\" width=\"640\" height=\"727\" src=\"https:\/\/arthurmetz.com\/blog\/wp-content\/uploads\/2025\/06\/CM-Arthur-Metz-caveau-19-902x1024.jpg\" class=\"attachment-large size-large wp-image-57629\" alt=\"Caveau Arthur Metz\" srcset=\"https:\/\/arthurmetz.com\/blog\/wp-content\/uploads\/2025\/06\/CM-Arthur-Metz-caveau-19-902x1024.jpg 902w, https:\/\/arthurmetz.com\/blog\/wp-content\/uploads\/2025\/06\/CM-Arthur-Metz-caveau-19-264x300.jpg 264w, https:\/\/arthurmetz.com\/blog\/wp-content\/uploads\/2025\/06\/CM-Arthur-Metz-caveau-19-768x872.jpg 768w, https:\/\/arthurmetz.com\/blog\/wp-content\/uploads\/2025\/06\/CM-Arthur-Metz-caveau-19.jpg 1000w\" sizes=\"(max-width: 640px) 100vw, 640px\" \/>\t\t\t\t\t\t\t\t\t\t\t\t\t<\/div>\n\t\t\t\t<\/div>\n\t\t\t\t\t<\/div>\n\t\t<\/div>\n\t\t\t\t\t<\/div>\n\t\t<\/section>\n\t\t\t\t<div class=\"elementor-element elementor-element-4c78199 elementor-widget elementor-widget-text-editor\" data-id=\"4c78199\" data-element_type=\"widget\" data-widget_type=\"text-editor.default\">\n\t\t\t\t<div class=\"elementor-widget-container\">\n\t\t\t\t\t\t\t<p>Au-del\u00e0 de l\u2019achat, nous proposons \u00e9galement des d\u00e9gustations personnalis\u00e9es sur place. L\u2019occasion de d\u00e9couvrir l\u2019histoire, les terroirs et les c\u00e9pages qui font la richesse de notre maison. Chaque&nbsp;<span style=\"font-weight: 700\">vin&nbsp;<\/span>raconte une histoire unique, fa\u00e7onn\u00e9e par la terre, le climat et le savoir-faire de nos vignerons.<\/p>\t\t\t\t\t\t<\/div>\n\t\t\t\t<\/div>\n\t\t\t\t<div class=\"elementor-element elementor-element-96c1824 elementor-widget elementor-widget-heading\" data-id=\"96c1824\" data-element_type=\"widget\" data-widget_type=\"heading.default\">\n\t\t\t\t<div class=\"elementor-widget-container\">\n\t\t\t<h2 class=\"elementor-heading-title elementor-size-default\">Un trajet fait d'instants pr\u00e9cieux<\/h2>\t\t<\/div>\n\t\t\t\t<\/div>\n\t\t\t\t<div class=\"elementor-element elementor-element-23e058d elementor-widget elementor-widget-heading\" data-id=\"23e058d\" data-element_type=\"widget\" data-widget_type=\"heading.default\">\n\t\t\t\t<div class=\"elementor-widget-container\">\n\t\t\t<h3 class=\"elementor-heading-title elementor-size-default\">L'art de voyager autrement<\/h3>\t\t<\/div>\n\t\t\t\t<\/div>\n\t\t\t\t<div class=\"elementor-element elementor-element-352f0c6 elementor-widget elementor-widget-text-editor\" data-id=\"352f0c6\" data-element_type=\"widget\" data-widget_type=\"text-editor.default\">\n\t\t\t\t<div class=\"elementor-widget-container\">\n\t\t\t\t\t\t\t<p><span style=\"font-weight: 400\">Ce que l\u2019on retient d\u2019un voyage \u00e0 v\u00e9lo, ce sont ces moments suspendus : une pause au bord d\u2019une fontaine, une vue sur les coteaux dor\u00e9s, une discussion avec un vigneron passionn\u00e9\u2026 La Route des Vins devient alors bien plus qu\u2019un itin\u00e9raire : elle se transforme en une exp\u00e9rience humaine, sensorielle et vivante.<\/span><\/p>\t\t\t\t\t\t<\/div>\n\t\t\t\t<\/div>\n\t\t\t\t<div class=\"elementor-element elementor-element-62ced33 elementor-widget elementor-widget-heading\" data-id=\"62ced33\" data-element_type=\"widget\" data-widget_type=\"heading.default\">\n\t\t\t\t<div class=\"elementor-widget-container\">\n\t\t\t<h3 class=\"elementor-heading-title elementor-size-default\">Des villages \u00e0 explorer<\/h3>\t\t<\/div>\n\t\t\t\t<\/div>\n\t\t\t\t<div class=\"elementor-element elementor-element-81093a3 elementor-widget elementor-widget-text-editor\" data-id=\"81093a3\" data-element_type=\"widget\" data-widget_type=\"text-editor.default\">\n\t\t\t\t<div class=\"elementor-widget-container\">\n\t\t\t\t\t\t\t<p><span style=\"font-weight: 400\">De Mittelbergheim \u00e0 Kaysersberg, en passant par Riquewihr ou Eguisheim, chaque <\/span><b>village<\/b><span style=\"font-weight: 400\"> offre son lot de tr\u00e9sors : maisons fleuries, ruelles pav\u00e9es, caveaux conviviaux, traditions encore bien vivantes. L\u2019Alsace ne se traverse pas, elle se savoure.<\/span><\/p>\t\t\t\t\t\t<\/div>\n\t\t\t\t<\/div>\n\t\t\t\t<div class=\"elementor-element elementor-element-0e27372 elementor-widget elementor-widget-heading\" data-id=\"0e27372\" data-element_type=\"widget\" data-widget_type=\"heading.default\">\n\t\t\t\t<div class=\"elementor-widget-container\">\n\t\t\t<h2 class=\"elementor-heading-title elementor-size-default\">Pourquoi parcourir la Route des Vins \u00e0 v\u00e9lo ?<\/h2>\t\t<\/div>\n\t\t\t\t<\/div>\n\t\t\t\t<div class=\"elementor-element elementor-element-f514f86 elementor-widget elementor-widget-heading\" data-id=\"f514f86\" data-element_type=\"widget\" data-widget_type=\"heading.default\">\n\t\t\t\t<div class=\"elementor-widget-container\">\n\t\t\t<h3 class=\"elementor-heading-title elementor-size-default\">Une aventure douce et libre<\/h3>\t\t<\/div>\n\t\t\t\t<\/div>\n\t\t\t\t<div class=\"elementor-element elementor-element-6b1456a elementor-widget elementor-widget-text-editor\" data-id=\"6b1456a\" data-element_type=\"widget\" data-widget_type=\"text-editor.default\">\n\t\t\t\t<div class=\"elementor-widget-container\">\n\t\t\t\t\t\t\t<p><span style=\"font-weight: 400\">Pour vivre autrement : s\u2019impr\u00e9gner des paysages, ressentir la m\u00e9t\u00e9o, \u00e9couter les sons de la nature.<\/span><\/p><ul><li style=\"font-weight: 400\"><span style=\"font-weight: 400\">Pour \u00eatre respectueux : un mode de transport durable, silencieux, parfaitement int\u00e9gr\u00e9 \u00e0 la philosophie du <\/span><b>vignoble<\/b><span style=\"font-weight: 400\">.<\/span><\/li><li style=\"font-weight: 400\"><span style=\"font-weight: 400\">Pour garder le contr\u00f4le : s\u2019arr\u00eater quand bon vous semble, prendre un d\u00e9tour, improviser une pause.<\/span><\/li><li style=\"font-weight: 400\"><span style=\"font-weight: 400\">Pour le plaisir : bouger, respirer, go\u00fbter\u2026 et savourer un verre de vin apr\u00e8s l\u2019effort !<\/span><\/li><\/ul>\t\t\t\t\t\t<\/div>\n\t\t\t\t<\/div>\n\t\t\t\t<div class=\"elementor-element elementor-element-fdc3612 elementor-widget elementor-widget-text-editor\" data-id=\"fdc3612\" data-element_type=\"widget\" data-widget_type=\"text-editor.default\">\n\t\t\t\t<div class=\"elementor-widget-container\">\n\t\t\t\t\t\t\t<p><span style=\"font-weight: 400\">Parcourir la Route des Vins \u00e0 v\u00e9lo, c\u2019est se reconnecter \u00e0 l\u2019essentiel. C\u2019est ralentir, observer, \u00e9couter, sentir. C\u2019est choisir la beaut\u00e9 des petits riens : un rayon de soleil sur une grappe, un \u00e9clat de rire sur une place de <\/span><b>village.<\/b><\/p>\t\t\t\t\t\t<\/div>\n\t\t\t\t<\/div>\n\t\t\t\t\t<\/div>\n\t\t<\/div>\n\t\t\t\t\t<\/div>\n\t\t<\/section>\n\t\t\t\t<\/div>\n\t\t","protected":false},"excerpt":{"rendered":"<p>En Alsace, il existe une balade mythique qui serpente entre les vignes, les villages fleuris et les collines douces des Vosges : la Route des Vins. Mais au-del\u00e0 des cartes postales et des d\u00e9gustations, cet itin\u00e9raire offre une autre dimension \u00e0 ceux qui choisissent de la parcourir \u00e0 v\u00e9lo. Au rythme du p\u00e9dalier, les paysages [&hellip;]<\/p>\n","protected":false},"author":16,"featured_media":57666,"comment_status":"open","ping_status":"open","sticky":false,"template":"","format":"standard","meta":{"_acf_changed":false,"inline_featured_image":false,"footnotes":""},"categories":[5],"tags":[],"acf":[],"yoast_head":"<!-- This site is optimized with the Yoast SEO plugin v22.7 - https:\/\/yoast.com\/wordpress\/plugins\/seo\/ -->\n<title>Alsace \u00e0 v\u00e9lo : explorez les villages viticoles | Arthur Metz<\/title>\n<meta name=\"description\" content=\"Explorez l\u2019Alsace \u00e0 v\u00e9lo sur la mythique Route des Vins : de Strasbourg \u00e0 Colmar, entre vignobles, v\u00e9loroutes et d\u00e9gustation au caveau Arthur Metz.\" \/>\n<meta name=\"robots\" content=\"index, follow, max-snippet:-1, max-image-preview:large, max-video-preview:-1\" \/>\n<link rel=\"canonical\" href=\"https:\/\/arthurmetz.com\/blog\/route-des-vins-alsace-velo-art-de-prendre-temps\/\" \/>\n<meta property=\"og:locale\" content=\"fr_FR\" \/>\n<meta property=\"og:type\" content=\"article\" \/>\n<meta property=\"og:title\" content=\"Alsace \u00e0 v\u00e9lo : explorez les villages viticoles | Arthur Metz\" \/>\n<meta property=\"og:description\" content=\"Explorez l\u2019Alsace \u00e0 v\u00e9lo sur la mythique Route des Vins : de Strasbourg \u00e0 Colmar, entre vignobles, v\u00e9loroutes et d\u00e9gustation au caveau Arthur Metz.\" \/>\n<meta property=\"og:url\" content=\"https:\/\/arthurmetz.com\/blog\/route-des-vins-alsace-velo-art-de-prendre-temps\/\" \/>\n<meta property=\"og:site_name\" content=\"Arthur Metz\" \/>\n<meta property=\"article:published_time\" content=\"2025-06-24T14:16:24+00:00\" \/>\n<meta property=\"article:modified_time\" content=\"2025-06-24T14:17:58+00:00\" \/>\n<meta property=\"og:image\" content=\"https:\/\/arthurmetz.com\/blog\/wp-content\/uploads\/2025\/06\/AM-ALSACE-A-VELO.png\" \/>\n\t<meta property=\"og:image:width\" content=\"1920\" \/>\n\t<meta property=\"og:image:height\" content=\"570\" \/>\n\t<meta property=\"og:image:type\" content=\"image\/png\" \/>\n<meta name=\"author\" content=\"manon\" \/>\n<meta name=\"twitter:card\" content=\"summary_large_image\" \/>\n<meta name=\"twitter:label1\" content=\"\u00c9crit par\" \/>\n\t<meta name=\"twitter:data1\" content=\"manon\" \/>\n\t<meta name=\"twitter:label2\" content=\"Dur\u00e9e de lecture estim\u00e9e\" \/>\n\t<meta name=\"twitter:data2\" content=\"6 minutes\" \/>\n<script type=\"application\/ld+json\" class=\"yoast-schema-graph\">{\"@context\":\"https:\/\/schema.org\",\"@graph\":[{\"@type\":\"Article\",\"@id\":\"https:\/\/arthurmetz.com\/blog\/route-des-vins-alsace-velo-art-de-prendre-temps\/#article\",\"isPartOf\":{\"@id\":\"https:\/\/arthurmetz.com\/blog\/route-des-vins-alsace-velo-art-de-prendre-temps\/\"},\"author\":{\"name\":\"manon\",\"@id\":\"https:\/\/arthurmetz.com\/blog\/#\/schema\/person\/0332e525e23bf31e2a031d633bcf4ca4\"},\"headline\":\"La Route des Vins d\u2019Alsace \u00e0 v\u00e9lo : l\u2019art de prendre le temps\",\"datePublished\":\"2025-06-24T14:16:24+00:00\",\"dateModified\":\"2025-06-24T14:17:58+00:00\",\"mainEntityOfPage\":{\"@id\":\"https:\/\/arthurmetz.com\/blog\/route-des-vins-alsace-velo-art-de-prendre-temps\/\"},\"wordCount\":1029,\"commentCount\":0,\"publisher\":{\"@id\":\"https:\/\/arthurmetz.com\/blog\/#organization\"},\"image\":{\"@id\":\"https:\/\/arthurmetz.com\/blog\/route-des-vins-alsace-velo-art-de-prendre-temps\/#primaryimage\"},\"thumbnailUrl\":\"https:\/\/arthurmetz.com\/blog\/wp-content\/uploads\/2025\/06\/AM-ALSACE-A-VELO.png\",\"articleSection\":[\"\u0152notourisme\"],\"inLanguage\":\"fr-FR\",\"potentialAction\":[{\"@type\":\"CommentAction\",\"name\":\"Comment\",\"target\":[\"https:\/\/arthurmetz.com\/blog\/route-des-vins-alsace-velo-art-de-prendre-temps\/#respond\"]}]},{\"@type\":\"WebPage\",\"@id\":\"https:\/\/arthurmetz.com\/blog\/route-des-vins-alsace-velo-art-de-prendre-temps\/\",\"url\":\"https:\/\/arthurmetz.com\/blog\/route-des-vins-alsace-velo-art-de-prendre-temps\/\",\"name\":\"Alsace \u00e0 v\u00e9lo : explorez les villages viticoles | Arthur Metz\",\"isPartOf\":{\"@id\":\"https:\/\/arthurmetz.com\/blog\/#website\"},\"primaryImageOfPage\":{\"@id\":\"https:\/\/arthurmetz.com\/blog\/route-des-vins-alsace-velo-art-de-prendre-temps\/#primaryimage\"},\"image\":{\"@id\":\"https:\/\/arthurmetz.com\/blog\/route-des-vins-alsace-velo-art-de-prendre-temps\/#primaryimage\"},\"thumbnailUrl\":\"https:\/\/arthurmetz.com\/blog\/wp-content\/uploads\/2025\/06\/AM-ALSACE-A-VELO.png\",\"datePublished\":\"2025-06-24T14:16:24+00:00\",\"dateModified\":\"2025-06-24T14:17:58+00:00\",\"description\":\"Explorez l\u2019Alsace \u00e0 v\u00e9lo sur la mythique Route des Vins : de Strasbourg \u00e0 Colmar, entre vignobles, v\u00e9loroutes et d\u00e9gustation au caveau Arthur Metz.\",\"breadcrumb\":{\"@id\":\"https:\/\/arthurmetz.com\/blog\/route-des-vins-alsace-velo-art-de-prendre-temps\/#breadcrumb\"},\"inLanguage\":\"fr-FR\",\"potentialAction\":[{\"@type\":\"ReadAction\",\"target\":[\"https:\/\/arthurmetz.com\/blog\/route-des-vins-alsace-velo-art-de-prendre-temps\/\"]}]},{\"@type\":\"ImageObject\",\"inLanguage\":\"fr-FR\",\"@id\":\"https:\/\/arthurmetz.com\/blog\/route-des-vins-alsace-velo-art-de-prendre-temps\/#primaryimage\",\"url\":\"https:\/\/arthurmetz.com\/blog\/wp-content\/uploads\/2025\/06\/AM-ALSACE-A-VELO.png\",\"contentUrl\":\"https:\/\/arthurmetz.com\/blog\/wp-content\/uploads\/2025\/06\/AM-ALSACE-A-VELO.png\",\"width\":1920,\"height\":570,\"caption\":\"Alsace \u00e0 v\u00e9lo\"},{\"@type\":\"BreadcrumbList\",\"@id\":\"https:\/\/arthurmetz.com\/blog\/route-des-vins-alsace-velo-art-de-prendre-temps\/#breadcrumb\",\"itemListElement\":[{\"@type\":\"ListItem\",\"position\":1,\"name\":\"\u0152notourisme\",\"item\":\"https:\/\/arthurmetz.com\/blog\/category\/oenotourisme\/\"},{\"@type\":\"ListItem\",\"position\":2,\"name\":\"La Route des Vins d\u2019Alsace \u00e0 v\u00e9lo : l\u2019art de prendre le temps\"}]},{\"@type\":\"WebSite\",\"@id\":\"https:\/\/arthurmetz.com\/blog\/#website\",\"url\":\"https:\/\/arthurmetz.com\/blog\/\",\"name\":\"Arthur Metz\",\"description\":\"Blog Arthur Metz\",\"publisher\":{\"@id\":\"https:\/\/arthurmetz.com\/blog\/#organization\"},\"potentialAction\":[{\"@type\":\"SearchAction\",\"target\":{\"@type\":\"EntryPoint\",\"urlTemplate\":\"https:\/\/arthurmetz.com\/blog\/?s={search_term_string}\"},\"query-input\":\"required name=search_term_string\"}],\"inLanguage\":\"fr-FR\"},{\"@type\":\"Organization\",\"@id\":\"https:\/\/arthurmetz.com\/blog\/#organization\",\"name\":\"Arthur Metz\",\"url\":\"https:\/\/arthurmetz.com\/blog\/\",\"logo\":{\"@type\":\"ImageObject\",\"inLanguage\":\"fr-FR\",\"@id\":\"https:\/\/arthurmetz.com\/blog\/#\/schema\/logo\/image\/\",\"url\":\"https:\/\/arthurmetz.com\/blog\/wp-content\/uploads\/2022\/09\/Maison-Arthur-Metz-Logo-noir.png\",\"contentUrl\":\"https:\/\/arthurmetz.com\/blog\/wp-content\/uploads\/2022\/09\/Maison-Arthur-Metz-Logo-noir.png\",\"width\":851,\"height\":241,\"caption\":\"Arthur Metz\"},\"image\":{\"@id\":\"https:\/\/arthurmetz.com\/blog\/#\/schema\/logo\/image\/\"}},{\"@type\":\"Person\",\"@id\":\"https:\/\/arthurmetz.com\/blog\/#\/schema\/person\/0332e525e23bf31e2a031d633bcf4ca4\",\"name\":\"manon\",\"image\":{\"@type\":\"ImageObject\",\"inLanguage\":\"fr-FR\",\"@id\":\"https:\/\/arthurmetz.com\/blog\/#\/schema\/person\/image\/\",\"url\":\"https:\/\/secure.gravatar.com\/avatar\/40ca8d027769582821e7fa0f42a161d4?s=96&d=mm&r=g\",\"contentUrl\":\"https:\/\/secure.gravatar.com\/avatar\/40ca8d027769582821e7fa0f42a161d4?s=96&d=mm&r=g\",\"caption\":\"manon\"},\"url\":\"https:\/\/arthurmetz.com\/blog\/author\/manon\/\"}]}<\/script>\n<!-- \/ Yoast SEO plugin. -->","yoast_head_json":{"title":"Alsace \u00e0 v\u00e9lo : explorez les villages viticoles | Arthur Metz","description":"Explorez l\u2019Alsace \u00e0 v\u00e9lo sur la mythique Route des Vins : de Strasbourg \u00e0 Colmar, entre vignobles, v\u00e9loroutes et d\u00e9gustation au caveau Arthur Metz.","robots":{"index":"index","follow":"follow","max-snippet":"max-snippet:-1","max-image-preview":"max-image-preview:large","max-video-preview":"max-video-preview:-1"},"canonical":"https:\/\/arthurmetz.com\/blog\/route-des-vins-alsace-velo-art-de-prendre-temps\/","og_locale":"fr_FR","og_type":"article","og_title":"Alsace \u00e0 v\u00e9lo : explorez les villages viticoles | Arthur Metz","og_description":"Explorez l\u2019Alsace \u00e0 v\u00e9lo sur la mythique Route des Vins : de Strasbourg \u00e0 Colmar, entre vignobles, v\u00e9loroutes et d\u00e9gustation au caveau Arthur Metz.","og_url":"https:\/\/arthurmetz.com\/blog\/route-des-vins-alsace-velo-art-de-prendre-temps\/","og_site_name":"Arthur Metz","article_published_time":"2025-06-24T14:16:24+00:00","article_modified_time":"2025-06-24T14:17:58+00:00","og_image":[{"width":1920,"height":570,"url":"https:\/\/arthurmetz.com\/blog\/wp-content\/uploads\/2025\/06\/AM-ALSACE-A-VELO.png","type":"image\/png"}],"author":"manon","twitter_card":"summary_large_image","twitter_misc":{"\u00c9crit par":"manon","Dur\u00e9e de lecture estim\u00e9e":"6 minutes"},"schema":{"@context":"https:\/\/schema.org","@graph":[{"@type":"Article","@id":"https:\/\/arthurmetz.com\/blog\/route-des-vins-alsace-velo-art-de-prendre-temps\/#article","isPartOf":{"@id":"https:\/\/arthurmetz.com\/blog\/route-des-vins-alsace-velo-art-de-prendre-temps\/"},"author":{"name":"manon","@id":"https:\/\/arthurmetz.com\/blog\/#\/schema\/person\/0332e525e23bf31e2a031d633bcf4ca4"},"headline":"La Route des Vins d\u2019Alsace \u00e0 v\u00e9lo : l\u2019art de prendre le temps","datePublished":"2025-06-24T14:16:24+00:00","dateModified":"2025-06-24T14:17:58+00:00","mainEntityOfPage":{"@id":"https:\/\/arthurmetz.com\/blog\/route-des-vins-alsace-velo-art-de-prendre-temps\/"},"wordCount":1029,"commentCount":0,"publisher":{"@id":"https:\/\/arthurmetz.com\/blog\/#organization"},"image":{"@id":"https:\/\/arthurmetz.com\/blog\/route-des-vins-alsace-velo-art-de-prendre-temps\/#primaryimage"},"thumbnailUrl":"https:\/\/arthurmetz.com\/blog\/wp-content\/uploads\/2025\/06\/AM-ALSACE-A-VELO.png","articleSection":["\u0152notourisme"],"inLanguage":"fr-FR","potentialAction":[{"@type":"CommentAction","name":"Comment","target":["https:\/\/arthurmetz.com\/blog\/route-des-vins-alsace-velo-art-de-prendre-temps\/#respond"]}]},{"@type":"WebPage","@id":"https:\/\/arthurmetz.com\/blog\/route-des-vins-alsace-velo-art-de-prendre-temps\/","url":"https:\/\/arthurmetz.com\/blog\/route-des-vins-alsace-velo-art-de-prendre-temps\/","name":"Alsace \u00e0 v\u00e9lo : explorez les villages viticoles | Arthur Metz","isPartOf":{"@id":"https:\/\/arthurmetz.com\/blog\/#website"},"primaryImageOfPage":{"@id":"https:\/\/arthurmetz.com\/blog\/route-des-vins-alsace-velo-art-de-prendre-temps\/#primaryimage"},"image":{"@id":"https:\/\/arthurmetz.com\/blog\/route-des-vins-alsace-velo-art-de-prendre-temps\/#primaryimage"},"thumbnailUrl":"https:\/\/arthurmetz.com\/blog\/wp-content\/uploads\/2025\/06\/AM-ALSACE-A-VELO.png","datePublished":"2025-06-24T14:16:24+00:00","dateModified":"2025-06-24T14:17:58+00:00","description":"Explorez l\u2019Alsace \u00e0 v\u00e9lo sur la mythique Route des Vins : de Strasbourg \u00e0 Colmar, entre vignobles, v\u00e9loroutes et d\u00e9gustation au caveau Arthur Metz.","breadcrumb":{"@id":"https:\/\/arthurmetz.com\/blog\/route-des-vins-alsace-velo-art-de-prendre-temps\/#breadcrumb"},"inLanguage":"fr-FR","potentialAction":[{"@type":"ReadAction","target":["https:\/\/arthurmetz.com\/blog\/route-des-vins-alsace-velo-art-de-prendre-temps\/"]}]},{"@type":"ImageObject","inLanguage":"fr-FR","@id":"https:\/\/arthurmetz.com\/blog\/route-des-vins-alsace-velo-art-de-prendre-temps\/#primaryimage","url":"https:\/\/arthurmetz.com\/blog\/wp-content\/uploads\/2025\/06\/AM-ALSACE-A-VELO.png","contentUrl":"https:\/\/arthurmetz.com\/blog\/wp-content\/uploads\/2025\/06\/AM-ALSACE-A-VELO.png","width":1920,"height":570,"caption":"Alsace \u00e0 v\u00e9lo"},{"@type":"BreadcrumbList","@id":"https:\/\/arthurmetz.com\/blog\/route-des-vins-alsace-velo-art-de-prendre-temps\/#breadcrumb","itemListElement":[{"@type":"ListItem","position":1,"name":"\u0152notourisme","item":"https:\/\/arthurmetz.com\/blog\/category\/oenotourisme\/"},{"@type":"ListItem","position":2,"name":"La Route des Vins d\u2019Alsace \u00e0 v\u00e9lo : l\u2019art de prendre le temps"}]},{"@type":"WebSite","@id":"https:\/\/arthurmetz.com\/blog\/#website","url":"https:\/\/arthurmetz.com\/blog\/","name":"Arthur Metz","description":"Blog Arthur Metz","publisher":{"@id":"https:\/\/arthurmetz.com\/blog\/#organization"},"potentialAction":[{"@type":"SearchAction","target":{"@type":"EntryPoint","urlTemplate":"https:\/\/arthurmetz.com\/blog\/?s={search_term_string}"},"query-input":"required name=search_term_string"}],"inLanguage":"fr-FR"},{"@type":"Organization","@id":"https:\/\/arthurmetz.com\/blog\/#organization","name":"Arthur Metz","url":"https:\/\/arthurmetz.com\/blog\/","logo":{"@type":"ImageObject","inLanguage":"fr-FR","@id":"https:\/\/arthurmetz.com\/blog\/#\/schema\/logo\/image\/","url":"https:\/\/arthurmetz.com\/blog\/wp-content\/uploads\/2022\/09\/Maison-Arthur-Metz-Logo-noir.png","contentUrl":"https:\/\/arthurmetz.com\/blog\/wp-content\/uploads\/2022\/09\/Maison-Arthur-Metz-Logo-noir.png","width":851,"height":241,"caption":"Arthur Metz"},"image":{"@id":"https:\/\/arthurmetz.com\/blog\/#\/schema\/logo\/image\/"}},{"@type":"Person","@id":"https:\/\/arthurmetz.com\/blog\/#\/schema\/person\/0332e525e23bf31e2a031d633bcf4ca4","name":"manon","image":{"@type":"ImageObject","inLanguage":"fr-FR","@id":"https:\/\/arthurmetz.com\/blog\/#\/schema\/person\/image\/","url":"https:\/\/secure.gravatar.com\/avatar\/40ca8d027769582821e7fa0f42a161d4?s=96&d=mm&r=g","contentUrl":"https:\/\/secure.gravatar.com\/avatar\/40ca8d027769582821e7fa0f42a161d4?s=96&d=mm&r=g","caption":"manon"},"url":"https:\/\/arthurmetz.com\/blog\/author\/manon\/"}]}},"lang":"fr","translations":{"fr":57619},"pll_sync_post":[],"_links":{"self":[{"href":"https:\/\/arthurmetz.com\/blog\/wp-json\/wp\/v2\/posts\/57619"}],"collection":[{"href":"https:\/\/arthurmetz.com\/blog\/wp-json\/wp\/v2\/posts"}],"about":[{"href":"https:\/\/arthurmetz.com\/blog\/wp-json\/wp\/v2\/types\/post"}],"author":[{"embeddable":true,"href":"https:\/\/arthurmetz.com\/blog\/wp-json\/wp\/v2\/users\/16"}],"replies":[{"embeddable":true,"href":"https:\/\/arthurmetz.com\/blog\/wp-json\/wp\/v2\/comments?post=57619"}],"version-history":[{"count":56,"href":"https:\/\/arthurmetz.com\/blog\/wp-json\/wp\/v2\/posts\/57619\/revisions"}],"predecessor-version":[{"id":57681,"href":"https:\/\/arthurmetz.com\/blog\/wp-json\/wp\/v2\/posts\/57619\/revisions\/57681"}],"wp:featuredmedia":[{"embeddable":true,"href":"https:\/\/arthurmetz.com\/blog\/wp-json\/wp\/v2\/media\/57666"}],"wp:attachment":[{"href":"https:\/\/arthurmetz.com\/blog\/wp-json\/wp\/v2\/media?parent=57619"}],"wp:term":[{"taxonomy":"category","embeddable":true,"href":"https:\/\/arthurmetz.com\/blog\/wp-json\/wp\/v2\/categories?post=57619"},{"taxonomy":"post_tag","embeddable":true,"href":"https:\/\/arthurmetz.com\/blog\/wp-json\/wp\/v2\/tags?post=57619"}],"curies":[{"name":"wp","href":"https:\/\/api.w.org\/{rel}","templated":true}]}}